{"id":1396,"date":"2021-06-28T14:16:08","date_gmt":"2021-06-28T12:16:08","guid":{"rendered":"https:\/\/balioenhiria.bilbao.eus\/?p=1396"},"modified":"2021-06-28T14:18:20","modified_gmt":"2021-06-28T12:18:20","slug":"el-proyecto-bilbao-balioen-hiria-inspira-la-reflexion-y-accion-de-gobiernos-locales-y-ciudades-internacionales","status":"publish","type":"post","link":"https:\/\/balioenhiria.bilbao.eus\/es\/el-proyecto-bilbao-balioen-hiria-inspira-la-reflexion-y-accion-de-gobiernos-locales-y-ciudades-internacionales\/","title":{"rendered":"EL PROYECTO BILBAO BALIOEN HIRIA INSPIRA LA REFLEXI\u00d3N Y ACCI\u00d3N DE GOBIERNOS LOCALES Y CIUDADES INTERNACIONALES"},"content":{"rendered":"<div class=\"dest-tit\">\n<ul>\n<li>Bilbao lidera el\u00a0<span class=\"negrita\"><span class=\"cursiva\"><a href=\"https:\/\/local4actionhubs.uclg.org\/es\/global-map\">Local4Action Hub Bilbao Cities of Values<\/a><\/span><\/span>, que se presenta hoy en la marco de\u00a0<span class=\"negrita\"><a href=\"https:\/\/www.uclg.org\/es\">CGLU, la red de Ciudades y Gobiernos Locales Unidos<\/a><\/span>.<\/li>\n<li>Este espacio de encuentro internacional se desarrollar\u00e1 a partir del pr\u00f3ximo mes de octubre de 2021 y hasta marzo de 2023, en 5 sesiones en las que el eje principal ser\u00e1 la experiencia del proyecto<span class=\"cursiva\">\u00a0<span class=\"negrita\"><a href=\"https:\/\/balioenhiria.bilbao.eus\/es\/\">Bilbao Balioen Hiria- Ciudad de Valores<\/a><\/span>\u00a0como iniciativa inspiradora, modelo a seguir y desarrollar en otras ciudades.<\/span><\/li>\n<li>El objetivo es impulsar una reflexi\u00f3n conjunta y participativa con diferentes ciudades del mundo sobre la importancia de los valores como tractores de la transformaci\u00f3n y el desarrollo de urbano sostenible para fomentar un marco de valores compartidos.<\/li>\n<\/ul>\n<\/div>\n<p>El Alcalde de Bilbao,\u00a0<span class=\"cursiva\"><span class=\"negrita\">Juan Mari Aburto<\/span><\/span>, participar\u00e1 este mediod\u00eda en la\u00a0<span class=\"negrita\">sesi\u00f3n telem\u00e1tica de presentaci\u00f3n del\u00a0<a href=\"https:\/\/local4actionhubs.uclg.org\/es\/global-map\"><span class=\"cursiva\">Local4Action HUB Bilbao Cities of Values<\/span><\/a><\/span>, sobre la importancia de los valores como tractores de la transformaci\u00f3n y el desarrollo urbano.\u00a0<span class=\"negrita\">Un HUB que liderar\u00e1 Bilbao<\/span>\u00a0y que se desarrollar\u00e1\u00a0<span class=\"negrita\">en el marco de la red internacional\u00a0<a href=\"https:\/\/www.uclg.org\/es\">CGLU, Ciudades y Gobiernos Locales Unidos<\/a><\/span>.<\/p>\n<p>Este espacio de encuentro entre diferentes ciudades del mundo se desarrollar\u00e1,\u00a0<span class=\"negrita\">a partir del pr\u00f3ximo mes de octubre de 2021 y hasta marzo de 2023, en 5 sesiones<\/span>\u00a0en las que el eje principal ser\u00e1 la experiencia del proyecto\u00a0<span class=\"negrita\"><span class=\"cursiva\"><a href=\"https:\/\/balioenhiria.bilbao.eus\/es\/\">Bilbao Balioen Hiria- Ciudad de Valores<\/a><\/span><\/span>\u00a0como iniciativa inspiradora, modelo a seguir y desarrollar en otras ciudades.<\/p>\n<p>As\u00ed, los objetivos de este HUB pasan por propiciar\u00a0<span class=\"negrita\">una reflexi\u00f3n conjunta y participativa con otros gobiernos locales y urbes<\/span>\u00a0sobre los valores que debe impulsar una ciudad y su papel como motor de transformaci\u00f3n urbana, presentar la experiencia desarrollada en la ciudad de Bilbao y fomentar el desarrollo de un marco de valores compartido.<\/p>\n<p>En la presentaci\u00f3n de hoy,\u00a0<span class=\"negrita\">adem\u00e1s de Bilbao<\/span>, participar\u00e1n otras ciudades como\u00a0<span class=\"negrita\">T<\/span><span class=\"negrita\">andil (Argentina), Castel Maggiore (Italia), Umea (Suecia) y Valongo (Portugal).<\/span><\/p>\n<h3>Contenidos asociados<\/h3>\n<h4>PDFs<\/h4>\n<ul class=\"lista-pdf\">\n<li><a href=\"http:\/\/balioenhiria.bilbao.eus\/wp-content\/uploads\/2021\/06\/NP-HUB-VALORES-CGLU_EUSK-CAST_20210628.pdf\" target=\"_blank\" rel=\"noopener\">Nota de prensa<\/a><\/li>\n<\/ul>","protected":false},"excerpt":{"rendered":"<p>Bilbao lidera el\u00a0Local4Action Hub Bilbao Cities of Values, que se presenta hoy en la marco de\u00a0CGLU, la red de Ciudades y Gobiernos Locales Unidos. Este espacio de encuentro internacional se desarrollar\u00e1 a partir del pr\u00f3ximo mes de octubre de 2021 y hasta marzo de 2023, en 5 sesiones en las que el eje principal ser\u00e1 [&hellip;]<\/p>\n","protected":false},"author":3,"featured_media":1397,"comment_status":"closed","ping_status":"open","sticky":false,"template":"","format":"standard","meta":{"footnotes":""},"categories":[1],"tags":[],"_links":{"self":[{"href":"https:\/\/balioenhiria.bilbao.eus\/es\/wp-json\/wp\/v2\/posts\/1396"}],"collection":[{"href":"https:\/\/balioenhiria.bilbao.eus\/es\/wp-json\/wp\/v2\/posts"}],"about":[{"href":"https:\/\/balioenhiria.bilbao.eus\/es\/wp-json\/wp\/v2\/types\/post"}],"author":[{"embeddable":true,"href":"https:\/\/balioenhiria.bilbao.eus\/es\/wp-json\/wp\/v2\/users\/3"}],"replies":[{"embeddable":true,"href":"https:\/\/balioenhiria.bilbao.eus\/es\/wp-json\/wp\/v2\/comments?post=1396"}],"version-history":[{"count":2,"href":"https:\/\/balioenhiria.bilbao.eus\/es\/wp-json\/wp\/v2\/posts\/1396\/revisions"}],"predecessor-version":[{"id":1400,"href":"https:\/\/balioenhiria.bilbao.eus\/es\/wp-json\/wp\/v2\/posts\/1396\/revisions\/1400"}],"wp:featuredmedia":[{"embeddable":true,"href":"https:\/\/balioenhiria.bilbao.eus\/es\/wp-json\/wp\/v2\/media\/1397"}],"wp:attachment":[{"href":"https:\/\/balioenhiria.bilbao.eus\/es\/wp-json\/wp\/v2\/media?parent=1396"}],"wp:term":[{"taxonomy":"category","embeddable":true,"href":"https:\/\/balioenhiria.bilbao.eus\/es\/wp-json\/wp\/v2\/categories?post=1396"},{"taxonomy":"post_tag","embeddable":true,"href":"https:\/\/balioenhiria.bilbao.eus\/es\/wp-json\/wp\/v2\/tags?post=1396"}],"curies":[{"name":"wp","href":"https:\/\/api.w.org\/{rel}","templated":true}]}}